{"id":297,"date":"2013-04-18T07:19:12","date_gmt":"2013-04-18T07:19:12","guid":{"rendered":"http:\/\/www.pp-ucka.hr\/wordpress\/?p=297"},"modified":"2013-04-18T07:19:12","modified_gmt":"2013-04-18T07:19:12","slug":"a-christmas-fairytale-2012","status":"publish","type":"post","link":"https:\/\/www.pp-ucka.hr\/en\/a-christmas-fairytale-2012\/","title":{"rendered":"A Christmas Fairytale 2012"},"content":{"rendered":"<p>The City of Opatija and U\u010dka Nature Park Public Institution are organizing, for the second time, a Christmas Fairytale at U\u010dka Nature Park \u2013 Santa Claus is visiting our Park, once again bringing the spirit of a true fairytale!<\/p>\n<p>Like the year before, Santa Claus will listen to children\u2019s secret wishes from 4pm till 7pm in a specially decorated cabin at Poklon, while their parents will be offered to enjoy the warmth of a hot cup of tea or mulled wine.<\/p>\n<p><strong>Dear children, Santa\u2019s waiting for you!<\/strong><\/p>\n","protected":false},"excerpt":{"rendered":"<p>The City of Opatija and U\u010dka Nature Park Public Institution are organizing, for the second time, a Christmas Fairytale at U\u010dka Nature Park \u2013 Santa Claus is visiting our Park, once again bringing the spirit of a true fairytale! Like the year before, Santa Claus will listen to children\u2019s secret wishes from 4pm till 7pm [&hellip;]<\/p>\n","protected":false},"author":3,"featured_media":40,"comment_status":"closed","ping_status":"closed","sticky":false,"template":"","format":"standard","meta":{"_et_pb_use_builder":"","_et_pb_old_content":"","_et_gb_content_width":"","inline_featured_image":false,"footnotes":""},"categories":[18],"tags":[],"class_list":["post-297","post","type-post","status-publish","format-standard","has-post-thumbnail","hentry","category-news"],"yoast_head":"<!-- This site is optimized with the Yoast SEO plugin v27.3 - https:\/\/yoast.com\/product\/yoast-seo-wordpress\/ -->\n<title>A Christmas Fairytale 2012 - Park prirode U\u010dka<\/title>\n<meta name=\"robots\" content=\"index, follow, max-snippet:-1, max-image-preview:large, max-video-preview:-1\" \/>\n<link rel=\"canonical\" href=\"https:\/\/www.pp-ucka.hr\/en\/a-christmas-fairytale-2012\/\" \/>\n<meta property=\"og:locale\" content=\"en_US\" \/>\n<meta property=\"og:type\" content=\"article\" \/>\n<meta property=\"og:title\" content=\"A Christmas Fairytale 2012 - Park prirode U\u010dka\" \/>\n<meta property=\"og:description\" content=\"The City of Opatija and U\u010dka Nature Park Public Institution are organizing, for the second time, a Christmas Fairytale at U\u010dka Nature Park \u2013 Santa Claus is visiting our Park, once again bringing the spirit of a true fairytale! Like the year before, Santa Claus will listen to children\u2019s secret wishes from 4pm till 7pm [&hellip;]\" \/>\n<meta property=\"og:url\" content=\"https:\/\/www.pp-ucka.hr\/en\/a-christmas-fairytale-2012\/\" \/>\n<meta property=\"og:site_name\" content=\"Park prirode U\u010dka\" \/>\n<meta property=\"article:published_time\" content=\"2013-04-18T07:19:12+00:00\" \/>\n<meta property=\"og:image\" content=\"https:\/\/www.pp-ucka.hr\/2020\/wp-content\/uploads\/2013\/04\/bozicna_bajka_2012_nasl.jpg\" \/>\n\t<meta property=\"og:image:width\" content=\"640\" \/>\n\t<meta property=\"og:image:height\" content=\"426\" \/>\n\t<meta property=\"og:image:type\" content=\"image\/jpeg\" \/>\n<meta name=\"author\" content=\"Bernard Bla\u0161kovi\u0107\" \/>\n<meta name=\"twitter:card\" content=\"summary_large_image\" \/>\n<meta name=\"twitter:label1\" content=\"Written by\" \/>\n\t<meta name=\"twitter:data1\" content=\"Bernard Bla\u0161kovi\u0107\" \/>\n<script type=\"application\/ld+json\" class=\"yoast-schema-graph\">{\"@context\":\"https:\\\/\\\/schema.org\",\"@graph\":[{\"@type\":\"Article\",\"@id\":\"https:\\\/\\\/www.pp-ucka.hr\\\/en\\\/a-christmas-fairytale-2012\\\/#article\",\"isPartOf\":{\"@id\":\"https:\\\/\\\/www.pp-ucka.hr\\\/en\\\/a-christmas-fairytale-2012\\\/\"},\"author\":{\"name\":\"Bernard Bla\u0161kovi\u0107\",\"@id\":\"https:\\\/\\\/www.pp-ucka.hr\\\/#\\\/schema\\\/person\\\/e036e66a6cc0934c045b5ece98677ea6\"},\"headline\":\"A Christmas Fairytale 2012\",\"datePublished\":\"2013-04-18T07:19:12+00:00\",\"mainEntityOfPage\":{\"@id\":\"https:\\\/\\\/www.pp-ucka.hr\\\/en\\\/a-christmas-fairytale-2012\\\/\"},\"wordCount\":93,\"image\":{\"@id\":\"https:\\\/\\\/www.pp-ucka.hr\\\/en\\\/a-christmas-fairytale-2012\\\/#primaryimage\"},\"thumbnailUrl\":\"https:\\\/\\\/www.pp-ucka.hr\\\/2020\\\/wp-content\\\/uploads\\\/2013\\\/04\\\/bozicna_bajka_2012_nasl.jpg\",\"articleSection\":[\"News\"],\"inLanguage\":\"en-US\"},{\"@type\":\"WebPage\",\"@id\":\"https:\\\/\\\/www.pp-ucka.hr\\\/en\\\/a-christmas-fairytale-2012\\\/\",\"url\":\"https:\\\/\\\/www.pp-ucka.hr\\\/en\\\/a-christmas-fairytale-2012\\\/\",\"name\":\"A Christmas Fairytale 2012 - Park prirode U\u010dka\",\"isPartOf\":{\"@id\":\"https:\\\/\\\/www.pp-ucka.hr\\\/#website\"},\"primaryImageOfPage\":{\"@id\":\"https:\\\/\\\/www.pp-ucka.hr\\\/en\\\/a-christmas-fairytale-2012\\\/#primaryimage\"},\"image\":{\"@id\":\"https:\\\/\\\/www.pp-ucka.hr\\\/en\\\/a-christmas-fairytale-2012\\\/#primaryimage\"},\"thumbnailUrl\":\"https:\\\/\\\/www.pp-ucka.hr\\\/2020\\\/wp-content\\\/uploads\\\/2013\\\/04\\\/bozicna_bajka_2012_nasl.jpg\",\"datePublished\":\"2013-04-18T07:19:12+00:00\",\"author\":{\"@id\":\"https:\\\/\\\/www.pp-ucka.hr\\\/#\\\/schema\\\/person\\\/e036e66a6cc0934c045b5ece98677ea6\"},\"breadcrumb\":{\"@id\":\"https:\\\/\\\/www.pp-ucka.hr\\\/en\\\/a-christmas-fairytale-2012\\\/#breadcrumb\"},\"inLanguage\":\"en-US\",\"potentialAction\":[{\"@type\":\"ReadAction\",\"target\":[\"https:\\\/\\\/www.pp-ucka.hr\\\/en\\\/a-christmas-fairytale-2012\\\/\"]}]},{\"@type\":\"ImageObject\",\"inLanguage\":\"en-US\",\"@id\":\"https:\\\/\\\/www.pp-ucka.hr\\\/en\\\/a-christmas-fairytale-2012\\\/#primaryimage\",\"url\":\"https:\\\/\\\/www.pp-ucka.hr\\\/2020\\\/wp-content\\\/uploads\\\/2013\\\/04\\\/bozicna_bajka_2012_nasl.jpg\",\"contentUrl\":\"https:\\\/\\\/www.pp-ucka.hr\\\/2020\\\/wp-content\\\/uploads\\\/2013\\\/04\\\/bozicna_bajka_2012_nasl.jpg\",\"width\":640,\"height\":426},{\"@type\":\"BreadcrumbList\",\"@id\":\"https:\\\/\\\/www.pp-ucka.hr\\\/en\\\/a-christmas-fairytale-2012\\\/#breadcrumb\",\"itemListElement\":[{\"@type\":\"ListItem\",\"position\":1,\"name\":\"Po\u010detna stranica\",\"item\":\"https:\\\/\\\/www.pp-ucka.hr\\\/en\\\/\"},{\"@type\":\"ListItem\",\"position\":2,\"name\":\"A Christmas Fairytale 2012\"}]},{\"@type\":\"WebSite\",\"@id\":\"https:\\\/\\\/www.pp-ucka.hr\\\/#website\",\"url\":\"https:\\\/\\\/www.pp-ucka.hr\\\/\",\"name\":\"Park prirode U\u010dka\",\"description\":\"Park prirode U\u010dka\",\"potentialAction\":[{\"@type\":\"SearchAction\",\"target\":{\"@type\":\"EntryPoint\",\"urlTemplate\":\"https:\\\/\\\/www.pp-ucka.hr\\\/?s={search_term_string}\"},\"query-input\":{\"@type\":\"PropertyValueSpecification\",\"valueRequired\":true,\"valueName\":\"search_term_string\"}}],\"inLanguage\":\"en-US\"},{\"@type\":\"Person\",\"@id\":\"https:\\\/\\\/www.pp-ucka.hr\\\/#\\\/schema\\\/person\\\/e036e66a6cc0934c045b5ece98677ea6\",\"name\":\"Bernard Bla\u0161kovi\u0107\",\"image\":{\"@type\":\"ImageObject\",\"inLanguage\":\"en-US\",\"@id\":\"https:\\\/\\\/secure.gravatar.com\\\/avatar\\\/59406624ed0cdbb545f74a864ba176c9842a3e6551c151192ac386838189e4df?s=96&d=mm&r=g\",\"url\":\"https:\\\/\\\/secure.gravatar.com\\\/avatar\\\/59406624ed0cdbb545f74a864ba176c9842a3e6551c151192ac386838189e4df?s=96&d=mm&r=g\",\"contentUrl\":\"https:\\\/\\\/secure.gravatar.com\\\/avatar\\\/59406624ed0cdbb545f74a864ba176c9842a3e6551c151192ac386838189e4df?s=96&d=mm&r=g\",\"caption\":\"Bernard Bla\u0161kovi\u0107\"},\"sameAs\":[\"http:\\\/\\\/www.pixel.hr\"]}]}<\/script>\n<!-- \/ Yoast SEO plugin. -->","yoast_head_json":{"title":"A Christmas Fairytale 2012 - Park prirode U\u010dka","robots":{"index":"index","follow":"follow","max-snippet":"max-snippet:-1","max-image-preview":"max-image-preview:large","max-video-preview":"max-video-preview:-1"},"canonical":"https:\/\/www.pp-ucka.hr\/en\/a-christmas-fairytale-2012\/","og_locale":"en_US","og_type":"article","og_title":"A Christmas Fairytale 2012 - Park prirode U\u010dka","og_description":"The City of Opatija and U\u010dka Nature Park Public Institution are organizing, for the second time, a Christmas Fairytale at U\u010dka Nature Park \u2013 Santa Claus is visiting our Park, once again bringing the spirit of a true fairytale! Like the year before, Santa Claus will listen to children\u2019s secret wishes from 4pm till 7pm [&hellip;]","og_url":"https:\/\/www.pp-ucka.hr\/en\/a-christmas-fairytale-2012\/","og_site_name":"Park prirode U\u010dka","article_published_time":"2013-04-18T07:19:12+00:00","og_image":[{"width":640,"height":426,"url":"https:\/\/www.pp-ucka.hr\/2020\/wp-content\/uploads\/2013\/04\/bozicna_bajka_2012_nasl.jpg","type":"image\/jpeg"}],"author":"Bernard Bla\u0161kovi\u0107","twitter_card":"summary_large_image","twitter_misc":{"Written by":"Bernard Bla\u0161kovi\u0107"},"schema":{"@context":"https:\/\/schema.org","@graph":[{"@type":"Article","@id":"https:\/\/www.pp-ucka.hr\/en\/a-christmas-fairytale-2012\/#article","isPartOf":{"@id":"https:\/\/www.pp-ucka.hr\/en\/a-christmas-fairytale-2012\/"},"author":{"name":"Bernard Bla\u0161kovi\u0107","@id":"https:\/\/www.pp-ucka.hr\/#\/schema\/person\/e036e66a6cc0934c045b5ece98677ea6"},"headline":"A Christmas Fairytale 2012","datePublished":"2013-04-18T07:19:12+00:00","mainEntityOfPage":{"@id":"https:\/\/www.pp-ucka.hr\/en\/a-christmas-fairytale-2012\/"},"wordCount":93,"image":{"@id":"https:\/\/www.pp-ucka.hr\/en\/a-christmas-fairytale-2012\/#primaryimage"},"thumbnailUrl":"https:\/\/www.pp-ucka.hr\/2020\/wp-content\/uploads\/2013\/04\/bozicna_bajka_2012_nasl.jpg","articleSection":["News"],"inLanguage":"en-US"},{"@type":"WebPage","@id":"https:\/\/www.pp-ucka.hr\/en\/a-christmas-fairytale-2012\/","url":"https:\/\/www.pp-ucka.hr\/en\/a-christmas-fairytale-2012\/","name":"A Christmas Fairytale 2012 - Park prirode U\u010dka","isPartOf":{"@id":"https:\/\/www.pp-ucka.hr\/#website"},"primaryImageOfPage":{"@id":"https:\/\/www.pp-ucka.hr\/en\/a-christmas-fairytale-2012\/#primaryimage"},"image":{"@id":"https:\/\/www.pp-ucka.hr\/en\/a-christmas-fairytale-2012\/#primaryimage"},"thumbnailUrl":"https:\/\/www.pp-ucka.hr\/2020\/wp-content\/uploads\/2013\/04\/bozicna_bajka_2012_nasl.jpg","datePublished":"2013-04-18T07:19:12+00:00","author":{"@id":"https:\/\/www.pp-ucka.hr\/#\/schema\/person\/e036e66a6cc0934c045b5ece98677ea6"},"breadcrumb":{"@id":"https:\/\/www.pp-ucka.hr\/en\/a-christmas-fairytale-2012\/#breadcrumb"},"inLanguage":"en-US","potentialAction":[{"@type":"ReadAction","target":["https:\/\/www.pp-ucka.hr\/en\/a-christmas-fairytale-2012\/"]}]},{"@type":"ImageObject","inLanguage":"en-US","@id":"https:\/\/www.pp-ucka.hr\/en\/a-christmas-fairytale-2012\/#primaryimage","url":"https:\/\/www.pp-ucka.hr\/2020\/wp-content\/uploads\/2013\/04\/bozicna_bajka_2012_nasl.jpg","contentUrl":"https:\/\/www.pp-ucka.hr\/2020\/wp-content\/uploads\/2013\/04\/bozicna_bajka_2012_nasl.jpg","width":640,"height":426},{"@type":"BreadcrumbList","@id":"https:\/\/www.pp-ucka.hr\/en\/a-christmas-fairytale-2012\/#breadcrumb","itemListElement":[{"@type":"ListItem","position":1,"name":"Po\u010detna stranica","item":"https:\/\/www.pp-ucka.hr\/en\/"},{"@type":"ListItem","position":2,"name":"A Christmas Fairytale 2012"}]},{"@type":"WebSite","@id":"https:\/\/www.pp-ucka.hr\/#website","url":"https:\/\/www.pp-ucka.hr\/","name":"Park prirode U\u010dka","description":"Park prirode U\u010dka","potentialAction":[{"@type":"SearchAction","target":{"@type":"EntryPoint","urlTemplate":"https:\/\/www.pp-ucka.hr\/?s={search_term_string}"},"query-input":{"@type":"PropertyValueSpecification","valueRequired":true,"valueName":"search_term_string"}}],"inLanguage":"en-US"},{"@type":"Person","@id":"https:\/\/www.pp-ucka.hr\/#\/schema\/person\/e036e66a6cc0934c045b5ece98677ea6","name":"Bernard Bla\u0161kovi\u0107","image":{"@type":"ImageObject","inLanguage":"en-US","@id":"https:\/\/secure.gravatar.com\/avatar\/59406624ed0cdbb545f74a864ba176c9842a3e6551c151192ac386838189e4df?s=96&d=mm&r=g","url":"https:\/\/secure.gravatar.com\/avatar\/59406624ed0cdbb545f74a864ba176c9842a3e6551c151192ac386838189e4df?s=96&d=mm&r=g","contentUrl":"https:\/\/secure.gravatar.com\/avatar\/59406624ed0cdbb545f74a864ba176c9842a3e6551c151192ac386838189e4df?s=96&d=mm&r=g","caption":"Bernard Bla\u0161kovi\u0107"},"sameAs":["http:\/\/www.pixel.hr"]}]}},"_links":{"self":[{"href":"https:\/\/www.pp-ucka.hr\/en\/wp-json\/wp\/v2\/posts\/297","targetHints":{"allow":["GET"]}}],"collection":[{"href":"https:\/\/www.pp-ucka.hr\/en\/wp-json\/wp\/v2\/posts"}],"about":[{"href":"https:\/\/www.pp-ucka.hr\/en\/wp-json\/wp\/v2\/types\/post"}],"author":[{"embeddable":true,"href":"https:\/\/www.pp-ucka.hr\/en\/wp-json\/wp\/v2\/users\/3"}],"replies":[{"embeddable":true,"href":"https:\/\/www.pp-ucka.hr\/en\/wp-json\/wp\/v2\/comments?post=297"}],"version-history":[{"count":0,"href":"https:\/\/www.pp-ucka.hr\/en\/wp-json\/wp\/v2\/posts\/297\/revisions"}],"wp:featuredmedia":[{"embeddable":true,"href":"https:\/\/www.pp-ucka.hr\/en\/wp-json\/wp\/v2\/media\/40"}],"wp:attachment":[{"href":"https:\/\/www.pp-ucka.hr\/en\/wp-json\/wp\/v2\/media?parent=297"}],"wp:term":[{"taxonomy":"category","embeddable":true,"href":"https:\/\/www.pp-ucka.hr\/en\/wp-json\/wp\/v2\/categories?post=297"},{"taxonomy":"post_tag","embeddable":true,"href":"https:\/\/www.pp-ucka.hr\/en\/wp-json\/wp\/v2\/tags?post=297"}],"curies":[{"name":"wp","href":"https:\/\/api.w.org\/{rel}","templated":true}]}}