{"id":300,"date":"2013-04-18T07:20:27","date_gmt":"2013-04-18T07:20:27","guid":{"rendered":"http:\/\/www.pp-ucka.hr\/wordpress\/?p=300"},"modified":"2013-07-22T10:36:46","modified_gmt":"2013-07-22T10:36:46","slug":"birds","status":"publish","type":"post","link":"https:\/\/www.pp-ucka.hr\/en\/birds\/","title":{"rendered":"Birds"},"content":{"rendered":"<div class=\"et_pb_slider et_pb_slider_fullwidth_off et_pb_gallery_post_type\">\n\t\t\t\t<div class=\"et_pb_slides\">\n\t\t\t\t\t<div class=\"et_pb_slide\" style=\"background: url(https:\/\/www.pp-ucka.hr\/2020\/wp-content\/uploads\/Ornitoloskikamp2012163.jpg);\"><\/div><div class=\"et_pb_slide\" style=\"background: url(https:\/\/www.pp-ucka.hr\/2020\/wp-content\/uploads\/Ornitoloskikamp2012164.jpg);\"><\/div><div class=\"et_pb_slide\" style=\"background: url(https:\/\/www.pp-ucka.hr\/2020\/wp-content\/uploads\/Ornitoloskikamp2012165.jpg);\"><\/div><div class=\"et_pb_slide\" style=\"background: url(https:\/\/www.pp-ucka.hr\/2020\/wp-content\/uploads\/Ornitoloskikamp2012169.jpg);\"><\/div><div class=\"et_pb_slide\" style=\"background: url(https:\/\/www.pp-ucka.hr\/2020\/wp-content\/uploads\/Ornitoloskikamp2012171.jpg);\"><\/div><div class=\"et_pb_slide\" style=\"background: url(https:\/\/www.pp-ucka.hr\/2020\/wp-content\/uploads\/Ornitoloskikamp2012175.jpg);\"><\/div><div class=\"et_pb_slide\" style=\"background: url(https:\/\/www.pp-ucka.hr\/2020\/wp-content\/uploads\/Ornitoloskikamp2012176.jpg);\"><\/div><div class=\"et_pb_slide\" style=\"background: url(https:\/\/www.pp-ucka.hr\/2020\/wp-content\/uploads\/Ornitoloskikamp2012179.jpg);\"><\/div><div class=\"et_pb_slide\" style=\"background: url(https:\/\/www.pp-ucka.hr\/2020\/wp-content\/uploads\/Ornitoloskikamp2012181.jpg);\"><\/div><div class=\"et_pb_slide\" style=\"background: url(https:\/\/www.pp-ucka.hr\/2020\/wp-content\/uploads\/Ornitoloskikamp2012182.jpg);\"><\/div><div class=\"et_pb_slide\" style=\"background: url(https:\/\/www.pp-ucka.hr\/2020\/wp-content\/uploads\/Ornitoloskikamp2012183.jpg);\"><\/div><div class=\"et_pb_slide\" style=\"background: url(https:\/\/www.pp-ucka.hr\/2020\/wp-content\/uploads\/Ornitoloskikamp2012188.jpg);\"><\/div><div class=\"et_pb_slide\" style=\"background: url(https:\/\/www.pp-ucka.hr\/2020\/wp-content\/uploads\/Ornitoloskikamp2012189.jpg);\"><\/div><div class=\"et_pb_slide\" style=\"background: url(https:\/\/www.pp-ucka.hr\/2020\/wp-content\/uploads\/Ornitoloskikamp2012197.jpg);\"><\/div><div class=\"et_pb_slide\" style=\"background: url(https:\/\/www.pp-ucka.hr\/2020\/wp-content\/uploads\/Ornitoloskikamp2012198.jpg);\"><\/div><div class=\"et_pb_slide\" style=\"background: url(https:\/\/www.pp-ucka.hr\/2020\/wp-content\/uploads\/Ornitoloskikamp2012201.jpg);\"><\/div><div class=\"et_pb_slide\" style=\"background: url(https:\/\/www.pp-ucka.hr\/2020\/wp-content\/uploads\/Ornitoloskikamp2012202.jpg);\"><\/div><div class=\"et_pb_slide\" style=\"background: url(https:\/\/www.pp-ucka.hr\/2020\/wp-content\/uploads\/Ornitoloskikamp2012203.jpg);\"><\/div><div class=\"et_pb_slide\" style=\"background: url(https:\/\/www.pp-ucka.hr\/2020\/wp-content\/uploads\/Ornitoloskikamp2012204.jpg);\"><\/div><div class=\"et_pb_slide\" style=\"background: url(https:\/\/www.pp-ucka.hr\/2020\/wp-content\/uploads\/Ornitoloskikamp2012208.jpg);\"><\/div><div class=\"et_pb_slide\" style=\"background: url(https:\/\/www.pp-ucka.hr\/2020\/wp-content\/uploads\/Ornitoloskikamp2012209.jpg);\"><\/div><div class=\"et_pb_slide\" style=\"background: url(https:\/\/www.pp-ucka.hr\/2020\/wp-content\/uploads\/Ornitoloskikamp2012210.jpg);\"><\/div><div class=\"et_pb_slide\" style=\"background: url(https:\/\/www.pp-ucka.hr\/2020\/wp-content\/uploads\/Ornitoloskikamp2012211.jpg);\"><\/div><div class=\"et_pb_slide\" style=\"background: url(https:\/\/www.pp-ucka.hr\/2020\/wp-content\/uploads\/Ornitoloskikamp2012214.jpg);\"><\/div><div class=\"et_pb_slide\" style=\"background: url(https:\/\/www.pp-ucka.hr\/2020\/wp-content\/uploads\/Ornitoloskikamp2012216.jpg);\"><\/div><div class=\"et_pb_slide\" style=\"background: url(https:\/\/www.pp-ucka.hr\/2020\/wp-content\/uploads\/Ornitoloskikamp2012218.jpg);\"><\/div><div class=\"et_pb_slide\" style=\"background: url(https:\/\/www.pp-ucka.hr\/2020\/wp-content\/uploads\/Ornitoloskikamp2012219.jpg);\"><\/div><div class=\"et_pb_slide\" style=\"background: url(https:\/\/www.pp-ucka.hr\/2020\/wp-content\/uploads\/Ornitoloskikamp2012225.jpg);\"><\/div><div class=\"et_pb_slide\" style=\"background: url(https:\/\/www.pp-ucka.hr\/2020\/wp-content\/uploads\/Ornitoloskikamp2012228.jpg);\"><\/div><div class=\"et_pb_slide\" style=\"background: url(https:\/\/www.pp-ucka.hr\/2020\/wp-content\/uploads\/Ornitoloskikamp2012229.jpg);\"><\/div><div class=\"et_pb_slide\" style=\"background: url(https:\/\/www.pp-ucka.hr\/2020\/wp-content\/uploads\/Ornitoloskikamp2012231.jpg);\"><\/div><div class=\"et_pb_slide\" style=\"background: url(https:\/\/www.pp-ucka.hr\/2020\/wp-content\/uploads\/Ornitoloskikamp2012233.jpg);\"><\/div><div class=\"et_pb_slide\" style=\"background: url(https:\/\/www.pp-ucka.hr\/2020\/wp-content\/uploads\/Ornitoloskikamp2012235.jpg);\"><\/div><div class=\"et_pb_slide\" style=\"background: url(https:\/\/www.pp-ucka.hr\/2020\/wp-content\/uploads\/Ornitoloskikamp2012236.jpg);\"><\/div><div class=\"et_pb_slide\" style=\"background: url(https:\/\/www.pp-ucka.hr\/2020\/wp-content\/uploads\/Ornitoloskikamp2012239.jpg);\"><\/div><div class=\"et_pb_slide\" style=\"background: url(https:\/\/www.pp-ucka.hr\/2020\/wp-content\/uploads\/Ornitoloskikamp2012242.jpg);\"><\/div><div class=\"et_pb_slide\" style=\"background: url(https:\/\/www.pp-ucka.hr\/2020\/wp-content\/uploads\/Ornitoloskikamp2012244.jpg);\"><\/div><div class=\"et_pb_slide\" style=\"background: url(https:\/\/www.pp-ucka.hr\/2020\/wp-content\/uploads\/Ornitoloskikamp2012247.jpg);\"><\/div><div class=\"et_pb_slide\" style=\"background: url(https:\/\/www.pp-ucka.hr\/2020\/wp-content\/uploads\/Ornitoloskikamp2012248.jpg);\"><\/div><div class=\"et_pb_slide\" style=\"background: url(https:\/\/www.pp-ucka.hr\/2020\/wp-content\/uploads\/Ornitoloskikamp2012250.jpg);\"><\/div><div class=\"et_pb_slide\" style=\"background: url(https:\/\/www.pp-ucka.hr\/2020\/wp-content\/uploads\/Ornitoloskikamp2012251.jpg);\"><\/div><div class=\"et_pb_slide\" style=\"background: url(https:\/\/www.pp-ucka.hr\/2020\/wp-content\/uploads\/Ornitoloskikamp2012252.jpg);\"><\/div><div class=\"et_pb_slide\" style=\"background: url(https:\/\/www.pp-ucka.hr\/2020\/wp-content\/uploads\/Ornitoloskikamp2012257.jpg);\"><\/div><div class=\"et_pb_slide\" style=\"background: url(https:\/\/www.pp-ucka.hr\/2020\/wp-content\/uploads\/Ornitoloskikamp2012259.jpg);\"><\/div><div class=\"et_pb_slide\" style=\"background: url(https:\/\/www.pp-ucka.hr\/2020\/wp-content\/uploads\/Ornitoloskikamp2012262.jpg);\"><\/div><div class=\"et_pb_slide\" style=\"background: url(https:\/\/www.pp-ucka.hr\/2020\/wp-content\/uploads\/Ornitoloskikamp2012263.jpg);\"><\/div><div class=\"et_pb_slide\" style=\"background: url(https:\/\/www.pp-ucka.hr\/2020\/wp-content\/uploads\/Ornitoloskikamp2012264.jpg);\"><\/div><div class=\"et_pb_slide\" style=\"background: url(https:\/\/www.pp-ucka.hr\/2020\/wp-content\/uploads\/Ornitoloskikamp2012267.jpg);\"><\/div><div class=\"et_pb_slide\" style=\"background: url(https:\/\/www.pp-ucka.hr\/2020\/wp-content\/uploads\/Ornitoloskikamp2012269.jpg);\"><\/div><div class=\"et_pb_slide\" style=\"background: url(https:\/\/www.pp-ucka.hr\/2020\/wp-content\/uploads\/Ornitoloskikamp2012270.jpg);\"><\/div><div class=\"et_pb_slide\" style=\"background: url(https:\/\/www.pp-ucka.hr\/2020\/wp-content\/uploads\/Ornitoloskikamp2012272.jpg);\"><\/div><div class=\"et_pb_slide\" style=\"background: url(https:\/\/www.pp-ucka.hr\/2020\/wp-content\/uploads\/Ornitoloskikamp2012274.jpg);\"><\/div><div class=\"et_pb_slide\" style=\"background: url(https:\/\/www.pp-ucka.hr\/2020\/wp-content\/uploads\/Ornitoloskikamp2012280.jpg);\"><\/div><div class=\"et_pb_slide\" style=\"background: url(https:\/\/www.pp-ucka.hr\/2020\/wp-content\/uploads\/Ornitoloskikamp2012281.jpg);\"><\/div><div class=\"et_pb_slide\" style=\"background: url(https:\/\/www.pp-ucka.hr\/2020\/wp-content\/uploads\/Ornitoloskikamp2012282.jpg);\"><\/div><div class=\"et_pb_slide\" style=\"background: url(https:\/\/www.pp-ucka.hr\/2020\/wp-content\/uploads\/Ornitoloskikamp2012286.jpg);\"><\/div><div class=\"et_pb_slide\" style=\"background: url(https:\/\/www.pp-ucka.hr\/2020\/wp-content\/uploads\/Ornitoloskikamp2012287.jpg);\"><\/div><div class=\"et_pb_slide\" style=\"background: url(https:\/\/www.pp-ucka.hr\/2020\/wp-content\/uploads\/Ornitoloskikamp2012289.jpg);\"><\/div><div class=\"et_pb_slide\" style=\"background: url(https:\/\/www.pp-ucka.hr\/2020\/wp-content\/uploads\/Ornitoloskikamp2012294.jpg);\"><\/div><div class=\"et_pb_slide\" style=\"background: url(https:\/\/www.pp-ucka.hr\/2020\/wp-content\/uploads\/Ornitoloskikamp2012297.jpg);\"><\/div><div class=\"et_pb_slide\" style=\"background: url(https:\/\/www.pp-ucka.hr\/2020\/wp-content\/uploads\/Ornitoloskikamp2012301.jpg);\"><\/div><div class=\"et_pb_slide\" style=\"background: url(https:\/\/www.pp-ucka.hr\/2020\/wp-content\/uploads\/Ornitoloskikamp2012302.jpg);\"><\/div><div class=\"et_pb_slide\" style=\"background: url(https:\/\/www.pp-ucka.hr\/2020\/wp-content\/uploads\/Ornitoloskikamp2012304.jpg);\"><\/div><div class=\"et_pb_slide\" style=\"background: url(https:\/\/www.pp-ucka.hr\/2020\/wp-content\/uploads\/Ornitoloskikamp2012307.jpg);\"><\/div><div class=\"et_pb_slide\" style=\"background: url(https:\/\/www.pp-ucka.hr\/2020\/wp-content\/uploads\/Ornitoloskikamp2012312.jpg);\"><\/div><div class=\"et_pb_slide\" style=\"background: url(https:\/\/www.pp-ucka.hr\/2020\/wp-content\/uploads\/Ornitoloskikamp2012315.jpg);\"><\/div>\n\t\t\t\t<\/div>\n\t\t\t<\/div>\n","protected":false},"excerpt":{"rendered":"","protected":false},"author":3,"featured_media":121,"comment_status":"closed","ping_status":"closed","sticky":false,"template":"","format":"standard","meta":{"_et_pb_use_builder":"","_et_pb_old_content":"","_et_gb_content_width":"","inline_featured_image":false,"footnotes":""},"categories":[15],"tags":[],"class_list":["post-300","post","type-post","status-publish","format-standard","has-post-thumbnail","hentry","category-galleries"],"yoast_head":"<!-- This site is optimized with the Yoast SEO plugin v27.3 - https:\/\/yoast.com\/product\/yoast-seo-wordpress\/ -->\n<title>Birds - Park prirode U\u010dka<\/title>\n<meta name=\"robots\" content=\"index, follow, max-snippet:-1, max-image-preview:large, max-video-preview:-1\" \/>\n<link rel=\"canonical\" href=\"https:\/\/www.pp-ucka.hr\/en\/birds\/\" \/>\n<meta property=\"og:locale\" content=\"en_US\" \/>\n<meta property=\"og:type\" content=\"article\" \/>\n<meta property=\"og:title\" content=\"Birds - Park prirode U\u010dka\" \/>\n<meta property=\"og:url\" content=\"https:\/\/www.pp-ucka.hr\/en\/birds\/\" \/>\n<meta property=\"og:site_name\" content=\"Park prirode U\u010dka\" \/>\n<meta property=\"article:published_time\" content=\"2013-04-18T07:20:27+00:00\" \/>\n<meta property=\"article:modified_time\" content=\"2013-07-22T10:36:46+00:00\" \/>\n<meta property=\"og:image\" content=\"https:\/\/www.pp-ucka.hr\/2020\/wp-content\/uploads\/Ornitoloskikamp2012201.jpg\" \/>\n\t<meta property=\"og:image:width\" content=\"640\" \/>\n\t<meta property=\"og:image:height\" content=\"427\" \/>\n\t<meta property=\"og:image:type\" content=\"image\/jpeg\" \/>\n<meta name=\"author\" content=\"Bernard Bla\u0161kovi\u0107\" \/>\n<meta name=\"twitter:card\" content=\"summary_large_image\" \/>\n<meta name=\"twitter:label1\" content=\"Written by\" \/>\n\t<meta name=\"twitter:data1\" content=\"Bernard Bla\u0161kovi\u0107\" \/>\n<script type=\"application\/ld+json\" class=\"yoast-schema-graph\">{\"@context\":\"https:\\\/\\\/schema.org\",\"@graph\":[{\"@type\":\"Article\",\"@id\":\"https:\\\/\\\/www.pp-ucka.hr\\\/en\\\/birds\\\/#article\",\"isPartOf\":{\"@id\":\"https:\\\/\\\/www.pp-ucka.hr\\\/en\\\/birds\\\/\"},\"author\":{\"name\":\"Bernard Bla\u0161kovi\u0107\",\"@id\":\"https:\\\/\\\/www.pp-ucka.hr\\\/#\\\/schema\\\/person\\\/e036e66a6cc0934c045b5ece98677ea6\"},\"headline\":\"Birds\",\"datePublished\":\"2013-04-18T07:20:27+00:00\",\"dateModified\":\"2013-07-22T10:36:46+00:00\",\"mainEntityOfPage\":{\"@id\":\"https:\\\/\\\/www.pp-ucka.hr\\\/en\\\/birds\\\/\"},\"wordCount\":6,\"image\":{\"@id\":\"https:\\\/\\\/www.pp-ucka.hr\\\/en\\\/birds\\\/#primaryimage\"},\"thumbnailUrl\":\"https:\\\/\\\/www.pp-ucka.hr\\\/2020\\\/wp-content\\\/uploads\\\/Ornitoloskikamp2012201.jpg\",\"articleSection\":[\"Galleries\"],\"inLanguage\":\"en-US\"},{\"@type\":\"WebPage\",\"@id\":\"https:\\\/\\\/www.pp-ucka.hr\\\/en\\\/birds\\\/\",\"url\":\"https:\\\/\\\/www.pp-ucka.hr\\\/en\\\/birds\\\/\",\"name\":\"Birds - Park prirode U\u010dka\",\"isPartOf\":{\"@id\":\"https:\\\/\\\/www.pp-ucka.hr\\\/#website\"},\"primaryImageOfPage\":{\"@id\":\"https:\\\/\\\/www.pp-ucka.hr\\\/en\\\/birds\\\/#primaryimage\"},\"image\":{\"@id\":\"https:\\\/\\\/www.pp-ucka.hr\\\/en\\\/birds\\\/#primaryimage\"},\"thumbnailUrl\":\"https:\\\/\\\/www.pp-ucka.hr\\\/2020\\\/wp-content\\\/uploads\\\/Ornitoloskikamp2012201.jpg\",\"datePublished\":\"2013-04-18T07:20:27+00:00\",\"dateModified\":\"2013-07-22T10:36:46+00:00\",\"author\":{\"@id\":\"https:\\\/\\\/www.pp-ucka.hr\\\/#\\\/schema\\\/person\\\/e036e66a6cc0934c045b5ece98677ea6\"},\"breadcrumb\":{\"@id\":\"https:\\\/\\\/www.pp-ucka.hr\\\/en\\\/birds\\\/#breadcrumb\"},\"inLanguage\":\"en-US\",\"potentialAction\":[{\"@type\":\"ReadAction\",\"target\":[\"https:\\\/\\\/www.pp-ucka.hr\\\/en\\\/birds\\\/\"]}]},{\"@type\":\"ImageObject\",\"inLanguage\":\"en-US\",\"@id\":\"https:\\\/\\\/www.pp-ucka.hr\\\/en\\\/birds\\\/#primaryimage\",\"url\":\"https:\\\/\\\/www.pp-ucka.hr\\\/2020\\\/wp-content\\\/uploads\\\/Ornitoloskikamp2012201.jpg\",\"contentUrl\":\"https:\\\/\\\/www.pp-ucka.hr\\\/2020\\\/wp-content\\\/uploads\\\/Ornitoloskikamp2012201.jpg\",\"width\":640,\"height\":427},{\"@type\":\"BreadcrumbList\",\"@id\":\"https:\\\/\\\/www.pp-ucka.hr\\\/en\\\/birds\\\/#breadcrumb\",\"itemListElement\":[{\"@type\":\"ListItem\",\"position\":1,\"name\":\"Po\u010detna stranica\",\"item\":\"https:\\\/\\\/www.pp-ucka.hr\\\/en\\\/\"},{\"@type\":\"ListItem\",\"position\":2,\"name\":\"Birds\"}]},{\"@type\":\"WebSite\",\"@id\":\"https:\\\/\\\/www.pp-ucka.hr\\\/#website\",\"url\":\"https:\\\/\\\/www.pp-ucka.hr\\\/\",\"name\":\"Park prirode U\u010dka\",\"description\":\"Park prirode U\u010dka\",\"potentialAction\":[{\"@type\":\"SearchAction\",\"target\":{\"@type\":\"EntryPoint\",\"urlTemplate\":\"https:\\\/\\\/www.pp-ucka.hr\\\/?s={search_term_string}\"},\"query-input\":{\"@type\":\"PropertyValueSpecification\",\"valueRequired\":true,\"valueName\":\"search_term_string\"}}],\"inLanguage\":\"en-US\"},{\"@type\":\"Person\",\"@id\":\"https:\\\/\\\/www.pp-ucka.hr\\\/#\\\/schema\\\/person\\\/e036e66a6cc0934c045b5ece98677ea6\",\"name\":\"Bernard Bla\u0161kovi\u0107\",\"image\":{\"@type\":\"ImageObject\",\"inLanguage\":\"en-US\",\"@id\":\"https:\\\/\\\/secure.gravatar.com\\\/avatar\\\/59406624ed0cdbb545f74a864ba176c9842a3e6551c151192ac386838189e4df?s=96&d=mm&r=g\",\"url\":\"https:\\\/\\\/secure.gravatar.com\\\/avatar\\\/59406624ed0cdbb545f74a864ba176c9842a3e6551c151192ac386838189e4df?s=96&d=mm&r=g\",\"contentUrl\":\"https:\\\/\\\/secure.gravatar.com\\\/avatar\\\/59406624ed0cdbb545f74a864ba176c9842a3e6551c151192ac386838189e4df?s=96&d=mm&r=g\",\"caption\":\"Bernard Bla\u0161kovi\u0107\"},\"sameAs\":[\"http:\\\/\\\/www.pixel.hr\"]}]}<\/script>\n<!-- \/ Yoast SEO plugin. -->","yoast_head_json":{"title":"Birds - Park prirode U\u010dka","robots":{"index":"index","follow":"follow","max-snippet":"max-snippet:-1","max-image-preview":"max-image-preview:large","max-video-preview":"max-video-preview:-1"},"canonical":"https:\/\/www.pp-ucka.hr\/en\/birds\/","og_locale":"en_US","og_type":"article","og_title":"Birds - Park prirode U\u010dka","og_url":"https:\/\/www.pp-ucka.hr\/en\/birds\/","og_site_name":"Park prirode U\u010dka","article_published_time":"2013-04-18T07:20:27+00:00","article_modified_time":"2013-07-22T10:36:46+00:00","og_image":[{"width":640,"height":427,"url":"https:\/\/www.pp-ucka.hr\/2020\/wp-content\/uploads\/Ornitoloskikamp2012201.jpg","type":"image\/jpeg"}],"author":"Bernard Bla\u0161kovi\u0107","twitter_card":"summary_large_image","twitter_misc":{"Written by":"Bernard Bla\u0161kovi\u0107"},"schema":{"@context":"https:\/\/schema.org","@graph":[{"@type":"Article","@id":"https:\/\/www.pp-ucka.hr\/en\/birds\/#article","isPartOf":{"@id":"https:\/\/www.pp-ucka.hr\/en\/birds\/"},"author":{"name":"Bernard Bla\u0161kovi\u0107","@id":"https:\/\/www.pp-ucka.hr\/#\/schema\/person\/e036e66a6cc0934c045b5ece98677ea6"},"headline":"Birds","datePublished":"2013-04-18T07:20:27+00:00","dateModified":"2013-07-22T10:36:46+00:00","mainEntityOfPage":{"@id":"https:\/\/www.pp-ucka.hr\/en\/birds\/"},"wordCount":6,"image":{"@id":"https:\/\/www.pp-ucka.hr\/en\/birds\/#primaryimage"},"thumbnailUrl":"https:\/\/www.pp-ucka.hr\/2020\/wp-content\/uploads\/Ornitoloskikamp2012201.jpg","articleSection":["Galleries"],"inLanguage":"en-US"},{"@type":"WebPage","@id":"https:\/\/www.pp-ucka.hr\/en\/birds\/","url":"https:\/\/www.pp-ucka.hr\/en\/birds\/","name":"Birds - Park prirode U\u010dka","isPartOf":{"@id":"https:\/\/www.pp-ucka.hr\/#website"},"primaryImageOfPage":{"@id":"https:\/\/www.pp-ucka.hr\/en\/birds\/#primaryimage"},"image":{"@id":"https:\/\/www.pp-ucka.hr\/en\/birds\/#primaryimage"},"thumbnailUrl":"https:\/\/www.pp-ucka.hr\/2020\/wp-content\/uploads\/Ornitoloskikamp2012201.jpg","datePublished":"2013-04-18T07:20:27+00:00","dateModified":"2013-07-22T10:36:46+00:00","author":{"@id":"https:\/\/www.pp-ucka.hr\/#\/schema\/person\/e036e66a6cc0934c045b5ece98677ea6"},"breadcrumb":{"@id":"https:\/\/www.pp-ucka.hr\/en\/birds\/#breadcrumb"},"inLanguage":"en-US","potentialAction":[{"@type":"ReadAction","target":["https:\/\/www.pp-ucka.hr\/en\/birds\/"]}]},{"@type":"ImageObject","inLanguage":"en-US","@id":"https:\/\/www.pp-ucka.hr\/en\/birds\/#primaryimage","url":"https:\/\/www.pp-ucka.hr\/2020\/wp-content\/uploads\/Ornitoloskikamp2012201.jpg","contentUrl":"https:\/\/www.pp-ucka.hr\/2020\/wp-content\/uploads\/Ornitoloskikamp2012201.jpg","width":640,"height":427},{"@type":"BreadcrumbList","@id":"https:\/\/www.pp-ucka.hr\/en\/birds\/#breadcrumb","itemListElement":[{"@type":"ListItem","position":1,"name":"Po\u010detna stranica","item":"https:\/\/www.pp-ucka.hr\/en\/"},{"@type":"ListItem","position":2,"name":"Birds"}]},{"@type":"WebSite","@id":"https:\/\/www.pp-ucka.hr\/#website","url":"https:\/\/www.pp-ucka.hr\/","name":"Park prirode U\u010dka","description":"Park prirode U\u010dka","potentialAction":[{"@type":"SearchAction","target":{"@type":"EntryPoint","urlTemplate":"https:\/\/www.pp-ucka.hr\/?s={search_term_string}"},"query-input":{"@type":"PropertyValueSpecification","valueRequired":true,"valueName":"search_term_string"}}],"inLanguage":"en-US"},{"@type":"Person","@id":"https:\/\/www.pp-ucka.hr\/#\/schema\/person\/e036e66a6cc0934c045b5ece98677ea6","name":"Bernard Bla\u0161kovi\u0107","image":{"@type":"ImageObject","inLanguage":"en-US","@id":"https:\/\/secure.gravatar.com\/avatar\/59406624ed0cdbb545f74a864ba176c9842a3e6551c151192ac386838189e4df?s=96&d=mm&r=g","url":"https:\/\/secure.gravatar.com\/avatar\/59406624ed0cdbb545f74a864ba176c9842a3e6551c151192ac386838189e4df?s=96&d=mm&r=g","contentUrl":"https:\/\/secure.gravatar.com\/avatar\/59406624ed0cdbb545f74a864ba176c9842a3e6551c151192ac386838189e4df?s=96&d=mm&r=g","caption":"Bernard Bla\u0161kovi\u0107"},"sameAs":["http:\/\/www.pixel.hr"]}]}},"_links":{"self":[{"href":"https:\/\/www.pp-ucka.hr\/en\/wp-json\/wp\/v2\/posts\/300","targetHints":{"allow":["GET"]}}],"collection":[{"href":"https:\/\/www.pp-ucka.hr\/en\/wp-json\/wp\/v2\/posts"}],"about":[{"href":"https:\/\/www.pp-ucka.hr\/en\/wp-json\/wp\/v2\/types\/post"}],"author":[{"embeddable":true,"href":"https:\/\/www.pp-ucka.hr\/en\/wp-json\/wp\/v2\/users\/3"}],"replies":[{"embeddable":true,"href":"https:\/\/www.pp-ucka.hr\/en\/wp-json\/wp\/v2\/comments?post=300"}],"version-history":[{"count":0,"href":"https:\/\/www.pp-ucka.hr\/en\/wp-json\/wp\/v2\/posts\/300\/revisions"}],"wp:featuredmedia":[{"embeddable":true,"href":"https:\/\/www.pp-ucka.hr\/en\/wp-json\/wp\/v2\/media\/121"}],"wp:attachment":[{"href":"https:\/\/www.pp-ucka.hr\/en\/wp-json\/wp\/v2\/media?parent=300"}],"wp:term":[{"taxonomy":"category","embeddable":true,"href":"https:\/\/www.pp-ucka.hr\/en\/wp-json\/wp\/v2\/categories?post=300"},{"taxonomy":"post_tag","embeddable":true,"href":"https:\/\/www.pp-ucka.hr\/en\/wp-json\/wp\/v2\/tags?post=300"}],"curies":[{"name":"wp","href":"https:\/\/api.w.org\/{rel}","templated":true}]}}