{"id":6033,"date":"2017-03-22T22:45:40","date_gmt":"2017-03-22T22:45:40","guid":{"rendered":"http:\/\/www.pp-ucka.hr\/?p=6033"},"modified":"2017-03-22T22:54:52","modified_gmt":"2017-03-22T22:54:52","slug":"world-water-day-2017","status":"publish","type":"post","link":"https:\/\/www.pp-ucka.hr\/en\/world-water-day-2017\/","title":{"rendered":"WORLD WATER DAY 2017"},"content":{"rendered":"<p>On the occasion of World Water Day, PI NP U\u010dka organized a workshop titled \u201cWater And Karst\u201c for 1<sup>st<\/sup>-,<sup>\u00a0<\/sup>2<sup>nd<\/sup>&#8211; and 3<sup>rd<\/sup>-grade students from the primary school in Veprinac. The students and their teachers Sanja, Ljiljana and Tatjana visited NP U\u010dka under the guidance of Park&#8217;s friendly employees Nina, Andrea and Florijan and took an active part in the workshop.<\/p>\n<p>During a pleasant walk along Banina stream, whose surroundings are replete with sinkholes, the children discovered entrances to several pits. As the workshop was held by the Waterfall, the children got acquainted with basic characteristics of karst waters and structures as well as animals in the nearby stream. They were lucky enough to enjoy an unexpected company of fire salamanders, which, looking at the children from a distance, enjoyed being in the spotlight and proudly showed off their swimming prowess.<\/p>\n<p>World Water Day is celebrated every year on the 22<sup>nd<\/sup> March with an aim to emphasize the importance of fresh water and uphold its sustainable management. Namely, freshwater supply is endangered worldwide not only because of its exceeding use, but also because of increased environmental pollution. The highlight of this year&#8217;s Day is \u201eWastewaters\u201c, which was chosen to increase the level of awareness of the importance of recycling waste water. The waste waters which are not purified end up being disposed \u00a0in the nature where they pollute the environment, but if they are treated, they can be reused for various purposes.<\/p>\n<div class=\"et_pb_slider et_pb_slider_fullwidth_off et_pb_gallery_post_type\">\n\t\t\t\t<div class=\"et_pb_slides\">\n\t\t\t\t\t<div class=\"et_pb_slide\" style=\"background: url(https:\/\/www.pp-ucka.hr\/2020\/wp-content\/uploads\/IMG_7279_800x533.jpg);\"><\/div><div class=\"et_pb_slide\" style=\"background: url(https:\/\/www.pp-ucka.hr\/2020\/wp-content\/uploads\/IMG_7251_800x533.jpg);\"><\/div><div class=\"et_pb_slide\" style=\"background: url(https:\/\/www.pp-ucka.hr\/2020\/wp-content\/uploads\/IMG_7228_800x533.jpg);\"><\/div><div class=\"et_pb_slide\" style=\"background: url(https:\/\/www.pp-ucka.hr\/2020\/wp-content\/uploads\/IMG_7229_800x533.jpg);\"><\/div><div class=\"et_pb_slide\" style=\"background: url(https:\/\/www.pp-ucka.hr\/2020\/wp-content\/uploads\/IMG_7219_800x533.jpg);\"><\/div><div class=\"et_pb_slide\" style=\"background: url(https:\/\/www.pp-ucka.hr\/2020\/wp-content\/uploads\/IMG_7266_800x533.jpg);\"><\/div><div class=\"et_pb_slide\" style=\"background: url(https:\/\/www.pp-ucka.hr\/2020\/wp-content\/uploads\/IMG_7260_800x533.jpg);\"><\/div><div class=\"et_pb_slide\" style=\"background: url(https:\/\/www.pp-ucka.hr\/2020\/wp-content\/uploads\/IMG_7275_694x600.jpg);\"><\/div><div class=\"et_pb_slide\" style=\"background: url(https:\/\/www.pp-ucka.hr\/2020\/wp-content\/uploads\/IMG_7188_800x533.jpg);\"><\/div><div class=\"et_pb_slide\" style=\"background: url(https:\/\/www.pp-ucka.hr\/2020\/wp-content\/uploads\/IMG_7249_800x533.jpg);\"><\/div>\n\t\t\t\t<\/div>\n\t\t\t<\/div>\n<p>&nbsp;<\/p>\n<p>&nbsp;<\/p>\n","protected":false},"excerpt":{"rendered":"<p>On the occasion of World Water Day, PI NP U\u010dka organized a workshop titled \u201cWater And Karst\u201c for 1st-,\u00a02nd&#8211; and 3rd-grade students from the primary school in Veprinac. The students and their teachers Sanja, Ljiljana and Tatjana visited NP U\u010dka under the guidance of Park&#8217;s friendly employees Nina, Andrea and Florijan and took an active [&hellip;]<\/p>\n","protected":false},"author":3,"featured_media":6006,"comment_status":"closed","ping_status":"closed","sticky":false,"template":"","format":"standard","meta":{"_et_pb_use_builder":"","_et_pb_old_content":"","_et_gb_content_width":"","inline_featured_image":false,"footnotes":""},"categories":[15,18],"tags":[],"class_list":["post-6033","post","type-post","status-publish","format-standard","has-post-thumbnail","hentry","category-galleries","category-news"],"yoast_head":"<!-- This site is optimized with the Yoast SEO plugin v27.3 - https:\/\/yoast.com\/product\/yoast-seo-wordpress\/ -->\n<title>WORLD WATER DAY 2017 - Park prirode U\u010dka<\/title>\n<meta name=\"robots\" content=\"index, follow, max-snippet:-1, max-image-preview:large, max-video-preview:-1\" \/>\n<link rel=\"canonical\" href=\"https:\/\/www.pp-ucka.hr\/en\/world-water-day-2017\/\" \/>\n<meta property=\"og:locale\" content=\"en_US\" \/>\n<meta property=\"og:type\" content=\"article\" \/>\n<meta property=\"og:title\" content=\"WORLD WATER DAY 2017 - Park prirode U\u010dka\" \/>\n<meta property=\"og:description\" content=\"On the occasion of World Water Day, PI NP U\u010dka organized a workshop titled \u201cWater And Karst\u201c for 1st-,\u00a02nd&#8211; and 3rd-grade students from the primary school in Veprinac. The students and their teachers Sanja, Ljiljana and Tatjana visited NP U\u010dka under the guidance of Park&#8217;s friendly employees Nina, Andrea and Florijan and took an active [&hellip;]\" \/>\n<meta property=\"og:url\" content=\"https:\/\/www.pp-ucka.hr\/en\/world-water-day-2017\/\" \/>\n<meta property=\"og:site_name\" content=\"Park prirode U\u010dka\" \/>\n<meta property=\"article:published_time\" content=\"2017-03-22T22:45:40+00:00\" \/>\n<meta property=\"article:modified_time\" content=\"2017-03-22T22:54:52+00:00\" \/>\n<meta property=\"og:image\" content=\"https:\/\/www.pp-ucka.hr\/2020\/wp-content\/uploads\/IMG_7249_800x533.jpg\" \/>\n\t<meta property=\"og:image:width\" content=\"800\" \/>\n\t<meta property=\"og:image:height\" content=\"533\" \/>\n\t<meta property=\"og:image:type\" content=\"image\/jpeg\" \/>\n<meta name=\"author\" content=\"Bernard Bla\u0161kovi\u0107\" \/>\n<meta name=\"twitter:card\" content=\"summary_large_image\" \/>\n<meta name=\"twitter:label1\" content=\"Written by\" \/>\n\t<meta name=\"twitter:data1\" content=\"Bernard Bla\u0161kovi\u0107\" \/>\n<script type=\"application\/ld+json\" class=\"yoast-schema-graph\">{\"@context\":\"https:\\\/\\\/schema.org\",\"@graph\":[{\"@type\":\"Article\",\"@id\":\"https:\\\/\\\/www.pp-ucka.hr\\\/en\\\/world-water-day-2017\\\/#article\",\"isPartOf\":{\"@id\":\"https:\\\/\\\/www.pp-ucka.hr\\\/en\\\/world-water-day-2017\\\/\"},\"author\":{\"name\":\"Bernard Bla\u0161kovi\u0107\",\"@id\":\"https:\\\/\\\/www.pp-ucka.hr\\\/#\\\/schema\\\/person\\\/e036e66a6cc0934c045b5ece98677ea6\"},\"headline\":\"WORLD WATER DAY 2017\",\"datePublished\":\"2017-03-22T22:45:40+00:00\",\"dateModified\":\"2017-03-22T22:54:52+00:00\",\"mainEntityOfPage\":{\"@id\":\"https:\\\/\\\/www.pp-ucka.hr\\\/en\\\/world-water-day-2017\\\/\"},\"wordCount\":252,\"image\":{\"@id\":\"https:\\\/\\\/www.pp-ucka.hr\\\/en\\\/world-water-day-2017\\\/#primaryimage\"},\"thumbnailUrl\":\"https:\\\/\\\/www.pp-ucka.hr\\\/2020\\\/wp-content\\\/uploads\\\/IMG_7249_800x533.jpg\",\"articleSection\":[\"Galleries\",\"News\"],\"inLanguage\":\"en-US\"},{\"@type\":\"WebPage\",\"@id\":\"https:\\\/\\\/www.pp-ucka.hr\\\/en\\\/world-water-day-2017\\\/\",\"url\":\"https:\\\/\\\/www.pp-ucka.hr\\\/en\\\/world-water-day-2017\\\/\",\"name\":\"WORLD WATER DAY 2017 - Park prirode U\u010dka\",\"isPartOf\":{\"@id\":\"https:\\\/\\\/www.pp-ucka.hr\\\/#website\"},\"primaryImageOfPage\":{\"@id\":\"https:\\\/\\\/www.pp-ucka.hr\\\/en\\\/world-water-day-2017\\\/#primaryimage\"},\"image\":{\"@id\":\"https:\\\/\\\/www.pp-ucka.hr\\\/en\\\/world-water-day-2017\\\/#primaryimage\"},\"thumbnailUrl\":\"https:\\\/\\\/www.pp-ucka.hr\\\/2020\\\/wp-content\\\/uploads\\\/IMG_7249_800x533.jpg\",\"datePublished\":\"2017-03-22T22:45:40+00:00\",\"dateModified\":\"2017-03-22T22:54:52+00:00\",\"author\":{\"@id\":\"https:\\\/\\\/www.pp-ucka.hr\\\/#\\\/schema\\\/person\\\/e036e66a6cc0934c045b5ece98677ea6\"},\"breadcrumb\":{\"@id\":\"https:\\\/\\\/www.pp-ucka.hr\\\/en\\\/world-water-day-2017\\\/#breadcrumb\"},\"inLanguage\":\"en-US\",\"potentialAction\":[{\"@type\":\"ReadAction\",\"target\":[\"https:\\\/\\\/www.pp-ucka.hr\\\/en\\\/world-water-day-2017\\\/\"]}]},{\"@type\":\"ImageObject\",\"inLanguage\":\"en-US\",\"@id\":\"https:\\\/\\\/www.pp-ucka.hr\\\/en\\\/world-water-day-2017\\\/#primaryimage\",\"url\":\"https:\\\/\\\/www.pp-ucka.hr\\\/2020\\\/wp-content\\\/uploads\\\/IMG_7249_800x533.jpg\",\"contentUrl\":\"https:\\\/\\\/www.pp-ucka.hr\\\/2020\\\/wp-content\\\/uploads\\\/IMG_7249_800x533.jpg\",\"width\":800,\"height\":533},{\"@type\":\"BreadcrumbList\",\"@id\":\"https:\\\/\\\/www.pp-ucka.hr\\\/en\\\/world-water-day-2017\\\/#breadcrumb\",\"itemListElement\":[{\"@type\":\"ListItem\",\"position\":1,\"name\":\"Po\u010detna stranica\",\"item\":\"https:\\\/\\\/www.pp-ucka.hr\\\/en\\\/\"},{\"@type\":\"ListItem\",\"position\":2,\"name\":\"WORLD WATER DAY 2017\"}]},{\"@type\":\"WebSite\",\"@id\":\"https:\\\/\\\/www.pp-ucka.hr\\\/#website\",\"url\":\"https:\\\/\\\/www.pp-ucka.hr\\\/\",\"name\":\"Park prirode U\u010dka\",\"description\":\"Park prirode U\u010dka\",\"potentialAction\":[{\"@type\":\"SearchAction\",\"target\":{\"@type\":\"EntryPoint\",\"urlTemplate\":\"https:\\\/\\\/www.pp-ucka.hr\\\/?s={search_term_string}\"},\"query-input\":{\"@type\":\"PropertyValueSpecification\",\"valueRequired\":true,\"valueName\":\"search_term_string\"}}],\"inLanguage\":\"en-US\"},{\"@type\":\"Person\",\"@id\":\"https:\\\/\\\/www.pp-ucka.hr\\\/#\\\/schema\\\/person\\\/e036e66a6cc0934c045b5ece98677ea6\",\"name\":\"Bernard Bla\u0161kovi\u0107\",\"image\":{\"@type\":\"ImageObject\",\"inLanguage\":\"en-US\",\"@id\":\"https:\\\/\\\/secure.gravatar.com\\\/avatar\\\/59406624ed0cdbb545f74a864ba176c9842a3e6551c151192ac386838189e4df?s=96&d=mm&r=g\",\"url\":\"https:\\\/\\\/secure.gravatar.com\\\/avatar\\\/59406624ed0cdbb545f74a864ba176c9842a3e6551c151192ac386838189e4df?s=96&d=mm&r=g\",\"contentUrl\":\"https:\\\/\\\/secure.gravatar.com\\\/avatar\\\/59406624ed0cdbb545f74a864ba176c9842a3e6551c151192ac386838189e4df?s=96&d=mm&r=g\",\"caption\":\"Bernard Bla\u0161kovi\u0107\"},\"sameAs\":[\"http:\\\/\\\/www.pixel.hr\"]}]}<\/script>\n<!-- \/ Yoast SEO plugin. -->","yoast_head_json":{"title":"WORLD WATER DAY 2017 - Park prirode U\u010dka","robots":{"index":"index","follow":"follow","max-snippet":"max-snippet:-1","max-image-preview":"max-image-preview:large","max-video-preview":"max-video-preview:-1"},"canonical":"https:\/\/www.pp-ucka.hr\/en\/world-water-day-2017\/","og_locale":"en_US","og_type":"article","og_title":"WORLD WATER DAY 2017 - Park prirode U\u010dka","og_description":"On the occasion of World Water Day, PI NP U\u010dka organized a workshop titled \u201cWater And Karst\u201c for 1st-,\u00a02nd&#8211; and 3rd-grade students from the primary school in Veprinac. The students and their teachers Sanja, Ljiljana and Tatjana visited NP U\u010dka under the guidance of Park&#8217;s friendly employees Nina, Andrea and Florijan and took an active [&hellip;]","og_url":"https:\/\/www.pp-ucka.hr\/en\/world-water-day-2017\/","og_site_name":"Park prirode U\u010dka","article_published_time":"2017-03-22T22:45:40+00:00","article_modified_time":"2017-03-22T22:54:52+00:00","og_image":[{"width":800,"height":533,"url":"https:\/\/www.pp-ucka.hr\/2020\/wp-content\/uploads\/IMG_7249_800x533.jpg","type":"image\/jpeg"}],"author":"Bernard Bla\u0161kovi\u0107","twitter_card":"summary_large_image","twitter_misc":{"Written by":"Bernard Bla\u0161kovi\u0107"},"schema":{"@context":"https:\/\/schema.org","@graph":[{"@type":"Article","@id":"https:\/\/www.pp-ucka.hr\/en\/world-water-day-2017\/#article","isPartOf":{"@id":"https:\/\/www.pp-ucka.hr\/en\/world-water-day-2017\/"},"author":{"name":"Bernard Bla\u0161kovi\u0107","@id":"https:\/\/www.pp-ucka.hr\/#\/schema\/person\/e036e66a6cc0934c045b5ece98677ea6"},"headline":"WORLD WATER DAY 2017","datePublished":"2017-03-22T22:45:40+00:00","dateModified":"2017-03-22T22:54:52+00:00","mainEntityOfPage":{"@id":"https:\/\/www.pp-ucka.hr\/en\/world-water-day-2017\/"},"wordCount":252,"image":{"@id":"https:\/\/www.pp-ucka.hr\/en\/world-water-day-2017\/#primaryimage"},"thumbnailUrl":"https:\/\/www.pp-ucka.hr\/2020\/wp-content\/uploads\/IMG_7249_800x533.jpg","articleSection":["Galleries","News"],"inLanguage":"en-US"},{"@type":"WebPage","@id":"https:\/\/www.pp-ucka.hr\/en\/world-water-day-2017\/","url":"https:\/\/www.pp-ucka.hr\/en\/world-water-day-2017\/","name":"WORLD WATER DAY 2017 - Park prirode U\u010dka","isPartOf":{"@id":"https:\/\/www.pp-ucka.hr\/#website"},"primaryImageOfPage":{"@id":"https:\/\/www.pp-ucka.hr\/en\/world-water-day-2017\/#primaryimage"},"image":{"@id":"https:\/\/www.pp-ucka.hr\/en\/world-water-day-2017\/#primaryimage"},"thumbnailUrl":"https:\/\/www.pp-ucka.hr\/2020\/wp-content\/uploads\/IMG_7249_800x533.jpg","datePublished":"2017-03-22T22:45:40+00:00","dateModified":"2017-03-22T22:54:52+00:00","author":{"@id":"https:\/\/www.pp-ucka.hr\/#\/schema\/person\/e036e66a6cc0934c045b5ece98677ea6"},"breadcrumb":{"@id":"https:\/\/www.pp-ucka.hr\/en\/world-water-day-2017\/#breadcrumb"},"inLanguage":"en-US","potentialAction":[{"@type":"ReadAction","target":["https:\/\/www.pp-ucka.hr\/en\/world-water-day-2017\/"]}]},{"@type":"ImageObject","inLanguage":"en-US","@id":"https:\/\/www.pp-ucka.hr\/en\/world-water-day-2017\/#primaryimage","url":"https:\/\/www.pp-ucka.hr\/2020\/wp-content\/uploads\/IMG_7249_800x533.jpg","contentUrl":"https:\/\/www.pp-ucka.hr\/2020\/wp-content\/uploads\/IMG_7249_800x533.jpg","width":800,"height":533},{"@type":"BreadcrumbList","@id":"https:\/\/www.pp-ucka.hr\/en\/world-water-day-2017\/#breadcrumb","itemListElement":[{"@type":"ListItem","position":1,"name":"Po\u010detna stranica","item":"https:\/\/www.pp-ucka.hr\/en\/"},{"@type":"ListItem","position":2,"name":"WORLD WATER DAY 2017"}]},{"@type":"WebSite","@id":"https:\/\/www.pp-ucka.hr\/#website","url":"https:\/\/www.pp-ucka.hr\/","name":"Park prirode U\u010dka","description":"Park prirode U\u010dka","potentialAction":[{"@type":"SearchAction","target":{"@type":"EntryPoint","urlTemplate":"https:\/\/www.pp-ucka.hr\/?s={search_term_string}"},"query-input":{"@type":"PropertyValueSpecification","valueRequired":true,"valueName":"search_term_string"}}],"inLanguage":"en-US"},{"@type":"Person","@id":"https:\/\/www.pp-ucka.hr\/#\/schema\/person\/e036e66a6cc0934c045b5ece98677ea6","name":"Bernard Bla\u0161kovi\u0107","image":{"@type":"ImageObject","inLanguage":"en-US","@id":"https:\/\/secure.gravatar.com\/avatar\/59406624ed0cdbb545f74a864ba176c9842a3e6551c151192ac386838189e4df?s=96&d=mm&r=g","url":"https:\/\/secure.gravatar.com\/avatar\/59406624ed0cdbb545f74a864ba176c9842a3e6551c151192ac386838189e4df?s=96&d=mm&r=g","contentUrl":"https:\/\/secure.gravatar.com\/avatar\/59406624ed0cdbb545f74a864ba176c9842a3e6551c151192ac386838189e4df?s=96&d=mm&r=g","caption":"Bernard Bla\u0161kovi\u0107"},"sameAs":["http:\/\/www.pixel.hr"]}]}},"_links":{"self":[{"href":"https:\/\/www.pp-ucka.hr\/en\/wp-json\/wp\/v2\/posts\/6033","targetHints":{"allow":["GET"]}}],"collection":[{"href":"https:\/\/www.pp-ucka.hr\/en\/wp-json\/wp\/v2\/posts"}],"about":[{"href":"https:\/\/www.pp-ucka.hr\/en\/wp-json\/wp\/v2\/types\/post"}],"author":[{"embeddable":true,"href":"https:\/\/www.pp-ucka.hr\/en\/wp-json\/wp\/v2\/users\/3"}],"replies":[{"embeddable":true,"href":"https:\/\/www.pp-ucka.hr\/en\/wp-json\/wp\/v2\/comments?post=6033"}],"version-history":[{"count":0,"href":"https:\/\/www.pp-ucka.hr\/en\/wp-json\/wp\/v2\/posts\/6033\/revisions"}],"wp:featuredmedia":[{"embeddable":true,"href":"https:\/\/www.pp-ucka.hr\/en\/wp-json\/wp\/v2\/media\/6006"}],"wp:attachment":[{"href":"https:\/\/www.pp-ucka.hr\/en\/wp-json\/wp\/v2\/media?parent=6033"}],"wp:term":[{"taxonomy":"category","embeddable":true,"href":"https:\/\/www.pp-ucka.hr\/en\/wp-json\/wp\/v2\/categories?post=6033"},{"taxonomy":"post_tag","embeddable":true,"href":"https:\/\/www.pp-ucka.hr\/en\/wp-json\/wp\/v2\/tags?post=6033"}],"curies":[{"name":"wp","href":"https:\/\/api.w.org\/{rel}","templated":true}]}}