{"id":6053,"date":"2017-03-25T20:55:35","date_gmt":"2017-03-25T20:55:35","guid":{"rendered":"http:\/\/www.pp-ucka.hr\/?p=6053"},"modified":"2017-03-25T21:40:38","modified_gmt":"2017-03-25T21:40:38","slug":"earth-hour","status":"publish","type":"post","link":"https:\/\/www.pp-ucka.hr\/en\/earth-hour\/","title":{"rendered":"EARTH HOUR"},"content":{"rendered":"<p>Let us respond to this call and for an hour (8:30PM-9:30PM) on Saturday, 25<sup>th<\/sup> of March turn off the lights and electrical devices to show our support for curbing climate changes and protecting our planet &#8211; Earth!<\/p>\n<p>This year is the 10th anniversary of the \u201eEarth Hour\u201c, an event by which World Wide Fund For Nature Protection (WWF) provides and incentive to remind us that we bear the responsibility for the preservation of the natural resources and beauty of our immediate environment as well as the Earth. On the last Satruday in March, which this year occurs on 25<sup>th<\/sup> of March, it is expected that more than 178 countries all over the globe will join in with turning off the public lighting of major sights and squares in Paris, London, Sydney and other major centers.<\/p>\n<p>Therefore, let us join Zagreb, Dubrovnik, Pula, Biorad na moru and other Croatian cities and towns and think hard tonight about which additional steps we can take, e.g. ration our water and energy consnumption, properly manage waste etc. to preserve our environment and happily continue to enjoy it.<\/p>\n<div class=\"et_pb_slider et_pb_slider_fullwidth_off et_pb_gallery_post_type\">\n\t\t\t\t<div class=\"et_pb_slides\">\n\t\t\t\t\t<div class=\"et_pb_slide\" style=\"background: url(https:\/\/www.pp-ucka.hr\/2020\/wp-content\/uploads\/20161024_141432.jpg);\"><\/div>\n\t\t\t\t<\/div>\n\t\t\t<\/div>\n<p>&nbsp;<\/p>\n","protected":false},"excerpt":{"rendered":"<p>Let us respond to this call and for an hour (8:30PM-9:30PM) on Saturday, 25th of March turn off the lights and electrical devices to show our support for curbing climate changes and protecting our planet &#8211; Earth! This year is the 10th anniversary of the \u201eEarth Hour\u201c, an event by which World Wide Fund For [&hellip;]<\/p>\n","protected":false},"author":3,"featured_media":6049,"comment_status":"closed","ping_status":"closed","sticky":false,"template":"","format":"standard","meta":{"_et_pb_use_builder":"","_et_pb_old_content":"","_et_gb_content_width":"","inline_featured_image":false,"footnotes":""},"categories":[15,18],"tags":[],"class_list":["post-6053","post","type-post","status-publish","format-standard","has-post-thumbnail","hentry","category-galleries","category-news"],"yoast_head":"<!-- This site is optimized with the Yoast SEO plugin v27.3 - https:\/\/yoast.com\/product\/yoast-seo-wordpress\/ -->\n<title>EARTH HOUR - Park prirode U\u010dka<\/title>\n<meta name=\"robots\" content=\"index, follow, max-snippet:-1, max-image-preview:large, max-video-preview:-1\" \/>\n<link rel=\"canonical\" href=\"https:\/\/www.pp-ucka.hr\/en\/earth-hour\/\" \/>\n<meta property=\"og:locale\" content=\"en_US\" \/>\n<meta property=\"og:type\" content=\"article\" \/>\n<meta property=\"og:title\" content=\"EARTH HOUR - Park prirode U\u010dka\" \/>\n<meta property=\"og:description\" content=\"Let us respond to this call and for an hour (8:30PM-9:30PM) on Saturday, 25th of March turn off the lights and electrical devices to show our support for curbing climate changes and protecting our planet &#8211; Earth! This year is the 10th anniversary of the \u201eEarth Hour\u201c, an event by which World Wide Fund For [&hellip;]\" \/>\n<meta property=\"og:url\" content=\"https:\/\/www.pp-ucka.hr\/en\/earth-hour\/\" \/>\n<meta property=\"og:site_name\" content=\"Park prirode U\u010dka\" \/>\n<meta property=\"article:published_time\" content=\"2017-03-25T20:55:35+00:00\" \/>\n<meta property=\"article:modified_time\" content=\"2017-03-25T21:40:38+00:00\" \/>\n<meta property=\"og:image\" content=\"https:\/\/www.pp-ucka.hr\/2020\/wp-content\/uploads\/20161024_141432.jpg\" \/>\n\t<meta property=\"og:image:width\" content=\"1536\" \/>\n\t<meta property=\"og:image:height\" content=\"2560\" \/>\n\t<meta property=\"og:image:type\" content=\"image\/jpeg\" \/>\n<meta name=\"author\" content=\"Bernard Bla\u0161kovi\u0107\" \/>\n<meta name=\"twitter:card\" content=\"summary_large_image\" \/>\n<meta name=\"twitter:label1\" content=\"Written by\" \/>\n\t<meta name=\"twitter:data1\" content=\"Bernard Bla\u0161kovi\u0107\" \/>\n<script type=\"application\/ld+json\" class=\"yoast-schema-graph\">{\"@context\":\"https:\\\/\\\/schema.org\",\"@graph\":[{\"@type\":\"Article\",\"@id\":\"https:\\\/\\\/www.pp-ucka.hr\\\/en\\\/earth-hour\\\/#article\",\"isPartOf\":{\"@id\":\"https:\\\/\\\/www.pp-ucka.hr\\\/en\\\/earth-hour\\\/\"},\"author\":{\"name\":\"Bernard Bla\u0161kovi\u0107\",\"@id\":\"https:\\\/\\\/www.pp-ucka.hr\\\/#\\\/schema\\\/person\\\/e036e66a6cc0934c045b5ece98677ea6\"},\"headline\":\"EARTH HOUR\",\"datePublished\":\"2017-03-25T20:55:35+00:00\",\"dateModified\":\"2017-03-25T21:40:38+00:00\",\"mainEntityOfPage\":{\"@id\":\"https:\\\/\\\/www.pp-ucka.hr\\\/en\\\/earth-hour\\\/\"},\"wordCount\":189,\"image\":{\"@id\":\"https:\\\/\\\/www.pp-ucka.hr\\\/en\\\/earth-hour\\\/#primaryimage\"},\"thumbnailUrl\":\"https:\\\/\\\/www.pp-ucka.hr\\\/2020\\\/wp-content\\\/uploads\\\/20161024_141432.jpg\",\"articleSection\":[\"Galleries\",\"News\"],\"inLanguage\":\"en-US\"},{\"@type\":\"WebPage\",\"@id\":\"https:\\\/\\\/www.pp-ucka.hr\\\/en\\\/earth-hour\\\/\",\"url\":\"https:\\\/\\\/www.pp-ucka.hr\\\/en\\\/earth-hour\\\/\",\"name\":\"EARTH HOUR - Park prirode U\u010dka\",\"isPartOf\":{\"@id\":\"https:\\\/\\\/www.pp-ucka.hr\\\/#website\"},\"primaryImageOfPage\":{\"@id\":\"https:\\\/\\\/www.pp-ucka.hr\\\/en\\\/earth-hour\\\/#primaryimage\"},\"image\":{\"@id\":\"https:\\\/\\\/www.pp-ucka.hr\\\/en\\\/earth-hour\\\/#primaryimage\"},\"thumbnailUrl\":\"https:\\\/\\\/www.pp-ucka.hr\\\/2020\\\/wp-content\\\/uploads\\\/20161024_141432.jpg\",\"datePublished\":\"2017-03-25T20:55:35+00:00\",\"dateModified\":\"2017-03-25T21:40:38+00:00\",\"author\":{\"@id\":\"https:\\\/\\\/www.pp-ucka.hr\\\/#\\\/schema\\\/person\\\/e036e66a6cc0934c045b5ece98677ea6\"},\"breadcrumb\":{\"@id\":\"https:\\\/\\\/www.pp-ucka.hr\\\/en\\\/earth-hour\\\/#breadcrumb\"},\"inLanguage\":\"en-US\",\"potentialAction\":[{\"@type\":\"ReadAction\",\"target\":[\"https:\\\/\\\/www.pp-ucka.hr\\\/en\\\/earth-hour\\\/\"]}]},{\"@type\":\"ImageObject\",\"inLanguage\":\"en-US\",\"@id\":\"https:\\\/\\\/www.pp-ucka.hr\\\/en\\\/earth-hour\\\/#primaryimage\",\"url\":\"https:\\\/\\\/www.pp-ucka.hr\\\/2020\\\/wp-content\\\/uploads\\\/20161024_141432.jpg\",\"contentUrl\":\"https:\\\/\\\/www.pp-ucka.hr\\\/2020\\\/wp-content\\\/uploads\\\/20161024_141432.jpg\",\"width\":1536,\"height\":2560,\"caption\":\"Save the planet\"},{\"@type\":\"BreadcrumbList\",\"@id\":\"https:\\\/\\\/www.pp-ucka.hr\\\/en\\\/earth-hour\\\/#breadcrumb\",\"itemListElement\":[{\"@type\":\"ListItem\",\"position\":1,\"name\":\"Po\u010detna stranica\",\"item\":\"https:\\\/\\\/www.pp-ucka.hr\\\/en\\\/\"},{\"@type\":\"ListItem\",\"position\":2,\"name\":\"EARTH HOUR\"}]},{\"@type\":\"WebSite\",\"@id\":\"https:\\\/\\\/www.pp-ucka.hr\\\/#website\",\"url\":\"https:\\\/\\\/www.pp-ucka.hr\\\/\",\"name\":\"Park prirode U\u010dka\",\"description\":\"Park prirode U\u010dka\",\"potentialAction\":[{\"@type\":\"SearchAction\",\"target\":{\"@type\":\"EntryPoint\",\"urlTemplate\":\"https:\\\/\\\/www.pp-ucka.hr\\\/?s={search_term_string}\"},\"query-input\":{\"@type\":\"PropertyValueSpecification\",\"valueRequired\":true,\"valueName\":\"search_term_string\"}}],\"inLanguage\":\"en-US\"},{\"@type\":\"Person\",\"@id\":\"https:\\\/\\\/www.pp-ucka.hr\\\/#\\\/schema\\\/person\\\/e036e66a6cc0934c045b5ece98677ea6\",\"name\":\"Bernard Bla\u0161kovi\u0107\",\"image\":{\"@type\":\"ImageObject\",\"inLanguage\":\"en-US\",\"@id\":\"https:\\\/\\\/secure.gravatar.com\\\/avatar\\\/59406624ed0cdbb545f74a864ba176c9842a3e6551c151192ac386838189e4df?s=96&d=mm&r=g\",\"url\":\"https:\\\/\\\/secure.gravatar.com\\\/avatar\\\/59406624ed0cdbb545f74a864ba176c9842a3e6551c151192ac386838189e4df?s=96&d=mm&r=g\",\"contentUrl\":\"https:\\\/\\\/secure.gravatar.com\\\/avatar\\\/59406624ed0cdbb545f74a864ba176c9842a3e6551c151192ac386838189e4df?s=96&d=mm&r=g\",\"caption\":\"Bernard Bla\u0161kovi\u0107\"},\"sameAs\":[\"http:\\\/\\\/www.pixel.hr\"]}]}<\/script>\n<!-- \/ Yoast SEO plugin. -->","yoast_head_json":{"title":"EARTH HOUR - Park prirode U\u010dka","robots":{"index":"index","follow":"follow","max-snippet":"max-snippet:-1","max-image-preview":"max-image-preview:large","max-video-preview":"max-video-preview:-1"},"canonical":"https:\/\/www.pp-ucka.hr\/en\/earth-hour\/","og_locale":"en_US","og_type":"article","og_title":"EARTH HOUR - Park prirode U\u010dka","og_description":"Let us respond to this call and for an hour (8:30PM-9:30PM) on Saturday, 25th of March turn off the lights and electrical devices to show our support for curbing climate changes and protecting our planet &#8211; Earth! This year is the 10th anniversary of the \u201eEarth Hour\u201c, an event by which World Wide Fund For [&hellip;]","og_url":"https:\/\/www.pp-ucka.hr\/en\/earth-hour\/","og_site_name":"Park prirode U\u010dka","article_published_time":"2017-03-25T20:55:35+00:00","article_modified_time":"2017-03-25T21:40:38+00:00","og_image":[{"width":1536,"height":2560,"url":"https:\/\/www.pp-ucka.hr\/2020\/wp-content\/uploads\/20161024_141432.jpg","type":"image\/jpeg"}],"author":"Bernard Bla\u0161kovi\u0107","twitter_card":"summary_large_image","twitter_misc":{"Written by":"Bernard Bla\u0161kovi\u0107"},"schema":{"@context":"https:\/\/schema.org","@graph":[{"@type":"Article","@id":"https:\/\/www.pp-ucka.hr\/en\/earth-hour\/#article","isPartOf":{"@id":"https:\/\/www.pp-ucka.hr\/en\/earth-hour\/"},"author":{"name":"Bernard Bla\u0161kovi\u0107","@id":"https:\/\/www.pp-ucka.hr\/#\/schema\/person\/e036e66a6cc0934c045b5ece98677ea6"},"headline":"EARTH HOUR","datePublished":"2017-03-25T20:55:35+00:00","dateModified":"2017-03-25T21:40:38+00:00","mainEntityOfPage":{"@id":"https:\/\/www.pp-ucka.hr\/en\/earth-hour\/"},"wordCount":189,"image":{"@id":"https:\/\/www.pp-ucka.hr\/en\/earth-hour\/#primaryimage"},"thumbnailUrl":"https:\/\/www.pp-ucka.hr\/2020\/wp-content\/uploads\/20161024_141432.jpg","articleSection":["Galleries","News"],"inLanguage":"en-US"},{"@type":"WebPage","@id":"https:\/\/www.pp-ucka.hr\/en\/earth-hour\/","url":"https:\/\/www.pp-ucka.hr\/en\/earth-hour\/","name":"EARTH HOUR - Park prirode U\u010dka","isPartOf":{"@id":"https:\/\/www.pp-ucka.hr\/#website"},"primaryImageOfPage":{"@id":"https:\/\/www.pp-ucka.hr\/en\/earth-hour\/#primaryimage"},"image":{"@id":"https:\/\/www.pp-ucka.hr\/en\/earth-hour\/#primaryimage"},"thumbnailUrl":"https:\/\/www.pp-ucka.hr\/2020\/wp-content\/uploads\/20161024_141432.jpg","datePublished":"2017-03-25T20:55:35+00:00","dateModified":"2017-03-25T21:40:38+00:00","author":{"@id":"https:\/\/www.pp-ucka.hr\/#\/schema\/person\/e036e66a6cc0934c045b5ece98677ea6"},"breadcrumb":{"@id":"https:\/\/www.pp-ucka.hr\/en\/earth-hour\/#breadcrumb"},"inLanguage":"en-US","potentialAction":[{"@type":"ReadAction","target":["https:\/\/www.pp-ucka.hr\/en\/earth-hour\/"]}]},{"@type":"ImageObject","inLanguage":"en-US","@id":"https:\/\/www.pp-ucka.hr\/en\/earth-hour\/#primaryimage","url":"https:\/\/www.pp-ucka.hr\/2020\/wp-content\/uploads\/20161024_141432.jpg","contentUrl":"https:\/\/www.pp-ucka.hr\/2020\/wp-content\/uploads\/20161024_141432.jpg","width":1536,"height":2560,"caption":"Save the planet"},{"@type":"BreadcrumbList","@id":"https:\/\/www.pp-ucka.hr\/en\/earth-hour\/#breadcrumb","itemListElement":[{"@type":"ListItem","position":1,"name":"Po\u010detna stranica","item":"https:\/\/www.pp-ucka.hr\/en\/"},{"@type":"ListItem","position":2,"name":"EARTH HOUR"}]},{"@type":"WebSite","@id":"https:\/\/www.pp-ucka.hr\/#website","url":"https:\/\/www.pp-ucka.hr\/","name":"Park prirode U\u010dka","description":"Park prirode U\u010dka","potentialAction":[{"@type":"SearchAction","target":{"@type":"EntryPoint","urlTemplate":"https:\/\/www.pp-ucka.hr\/?s={search_term_string}"},"query-input":{"@type":"PropertyValueSpecification","valueRequired":true,"valueName":"search_term_string"}}],"inLanguage":"en-US"},{"@type":"Person","@id":"https:\/\/www.pp-ucka.hr\/#\/schema\/person\/e036e66a6cc0934c045b5ece98677ea6","name":"Bernard Bla\u0161kovi\u0107","image":{"@type":"ImageObject","inLanguage":"en-US","@id":"https:\/\/secure.gravatar.com\/avatar\/59406624ed0cdbb545f74a864ba176c9842a3e6551c151192ac386838189e4df?s=96&d=mm&r=g","url":"https:\/\/secure.gravatar.com\/avatar\/59406624ed0cdbb545f74a864ba176c9842a3e6551c151192ac386838189e4df?s=96&d=mm&r=g","contentUrl":"https:\/\/secure.gravatar.com\/avatar\/59406624ed0cdbb545f74a864ba176c9842a3e6551c151192ac386838189e4df?s=96&d=mm&r=g","caption":"Bernard Bla\u0161kovi\u0107"},"sameAs":["http:\/\/www.pixel.hr"]}]}},"_links":{"self":[{"href":"https:\/\/www.pp-ucka.hr\/en\/wp-json\/wp\/v2\/posts\/6053","targetHints":{"allow":["GET"]}}],"collection":[{"href":"https:\/\/www.pp-ucka.hr\/en\/wp-json\/wp\/v2\/posts"}],"about":[{"href":"https:\/\/www.pp-ucka.hr\/en\/wp-json\/wp\/v2\/types\/post"}],"author":[{"embeddable":true,"href":"https:\/\/www.pp-ucka.hr\/en\/wp-json\/wp\/v2\/users\/3"}],"replies":[{"embeddable":true,"href":"https:\/\/www.pp-ucka.hr\/en\/wp-json\/wp\/v2\/comments?post=6053"}],"version-history":[{"count":0,"href":"https:\/\/www.pp-ucka.hr\/en\/wp-json\/wp\/v2\/posts\/6053\/revisions"}],"wp:featuredmedia":[{"embeddable":true,"href":"https:\/\/www.pp-ucka.hr\/en\/wp-json\/wp\/v2\/media\/6049"}],"wp:attachment":[{"href":"https:\/\/www.pp-ucka.hr\/en\/wp-json\/wp\/v2\/media?parent=6053"}],"wp:term":[{"taxonomy":"category","embeddable":true,"href":"https:\/\/www.pp-ucka.hr\/en\/wp-json\/wp\/v2\/categories?post=6053"},{"taxonomy":"post_tag","embeddable":true,"href":"https:\/\/www.pp-ucka.hr\/en\/wp-json\/wp\/v2\/tags?post=6053"}],"curies":[{"name":"wp","href":"https:\/\/api.w.org\/{rel}","templated":true}]}}